{"id":418,"date":"2026-04-29T12:52:48","date_gmt":"2026-04-29T12:52:48","guid":{"rendered":"https:\/\/coachingcore.ch\/articles\/?p=418"},"modified":"2026-04-29T13:03:40","modified_gmt":"2026-04-29T13:03:40","slug":"la-communication-en-entreprise-au-dela-des-malentendus-une-question-de-relation","status":"publish","type":"post","link":"https:\/\/coachingcore.ch\/articles\/coaching\/la-communication-en-entreprise-au-dela-des-malentendus-une-question-de-relation\/","title":{"rendered":"La communication en entreprise : au-del\u00e0 des malentendus, une question de relation"},"content":{"rendered":"\n<p>Qu&rsquo;est-ce qui est r\u00e9current dans les demandes de coaching que je re\u00e7ois dans les organisations ?<\/p>\n\n\n\n<p id=\"ember56\">La demande r\u00e9currente porte sur la capacit\u00e9 de communiquer de fa\u00e7on efficiente.<\/p>\n\n\n\n<p id=\"ember57\">Qu&rsquo;il s&rsquo;agisse de managers ou de leaders dans les interactions avec leurs \u00e9quipes, ou entre pairs, la communication est tr\u00e8s souvent identifi\u00e9e comme la difficult\u00e9 ou le probl\u00e8me majeur.<\/p>\n\n\n\n<p id=\"ember58\">Et pourtant, le plus souvent, ces personnes sont extr\u00eamement qualifi\u00e9es dans leur secteur et font preuve non seulement de comp\u00e9tence, mais aussi d&rsquo;efficacit\u00e9.<\/p>\n\n\n\n<p id=\"ember59\">Mais voil\u00e0, le constat r\u00e9current est celui de la difficult\u00e9 per\u00e7ue de la communication, voire de son impossibilit\u00e9.<\/p>\n\n\n\n<h3 class=\"wp-block-heading\" id=\"ember60\">L&rsquo;impossible impossibilit\u00e9 de communiquer<\/h3>\n\n\n\n<p id=\"ember61\">Si nous prenons comme r\u00e9f\u00e9rence Paul Watzlawick et l&rsquo;\u00c9cole de Palo Alto, nous savons que \u00ab on ne peut pas ne pas communiquer \u00bb. Ce premier axiome fondamental nous rappelle que tout comportement, m\u00eame le silence ou l&rsquo;\u00e9vitement, transmet d\u00e9j\u00e0 un message. Dans leur ouvrage fondateur <em>Pragmatics of Human Communication<\/em> (1967), Watzlawick, Beavin et Jackson ont d\u00e9montr\u00e9 que les probl\u00e8mes relationnels surgissent souvent de questions de communication plut\u00f4t que de troubles psychologiques profonds.<\/p>\n\n\n\n<p id=\"ember62\">Cela signifie que si la communication est insatisfaisante, c&rsquo;est que ses codes, dans les contextes professionnels, ne sont souvent pas partag\u00e9s. En d&rsquo;autres termes, chacun communique \u00e0 sa mani\u00e8re. Et comme nous ne pouvons pas \u00e9chapper \u00e0 notre subjectivit\u00e9, nous sommes convaincus que notre fa\u00e7on de communiquer est la m\u00eame que celle des autres.<\/p>\n\n\n\n<p id=\"ember63\">Je crois qu&rsquo;il est difficile de trouver une repr\u00e9sentation plus r\u00e9aliste de la m\u00e9taphore de la Tour de Babel.<\/p>\n\n\n\n<p id=\"ember64\">Et il en va de m\u00eame dans les couples, les familles, l&rsquo;\u00e9cole et dans de nombreux autres syst\u00e8mes humains.<\/p>\n\n\n\n<h3 class=\"wp-block-heading\" id=\"ember65\">Le contenu ne suffit pas : la dimension relationnelle<\/h3>\n\n\n\n<p id=\"ember66\">Mon constat, c&rsquo;est que le plus souvent, nous portons une grande attention aux contenus de notre communication (ce qui est n\u00e9cessaire, \u00e9videmment), mais nous n\u00e9gligeons de prendre soin de la relation. Or, selon le deuxi\u00e8me axiome de Palo Alto, \u00ab toute communication pr\u00e9sente deux aspects : le contenu et la relation, tels que le second englobe le premier \u00bb. C&rsquo;est le niveau relationnel qui d\u00e9finit comment le contenu doit \u00eatre compris.<\/p>\n\n\n\n<p id=\"ember67\">Lorsque nous ne prenons pas soin de cette dimension relationnelle, ou que nous le faisons de fa\u00e7on peu authentique ou, au mieux, tr\u00e8s formelle, nous cr\u00e9ons les conditions du dysfonctionnement.<\/p>\n\n\n\n<p id=\"ember68\">Et c&rsquo;est l\u00e0 que les probl\u00e8mes commencent, parce que l&rsquo;\u00eatre humain est \u00e9quip\u00e9 pour ressentir le malaise dans la communication, ce qui lui permet de comprendre quand quelqu&rsquo;un n&rsquo;est pas sinc\u00e8re. Et bien s\u00fbr, la confiance c\u00e8de alors la place au soup\u00e7on, \u00e0 la m\u00e9fiance.<\/p>\n\n\n\n<h3 class=\"wp-block-heading\" id=\"ember69\">Le coaching comme espace de transformation<\/h3>\n\n\n\n<p id=\"ember70\">D\u00e8s lors, la n\u00e9cessit\u00e9 de travailler sur sa fa\u00e7on de communiquer devient incontournable.<\/p>\n\n\n\n<p id=\"ember71\">C&rsquo;est dans ces contextes que les coachs peuvent apporter une vraie valeur ajout\u00e9e avec leurs interventions.<\/p>\n\n\n\n<p id=\"ember72\">Il va de soi que je fais r\u00e9f\u00e9rence aux coachs qui ma\u00eetrisent cette mati\u00e8re et qui savent reconna\u00eetre les patterns de communication et leurs dysfonctionnements.<\/p>\n\n\n\n<p id=\"ember73\">Il va sans dire que nous aussi, les coachs, nous devons prendre soin de notre communication. C&rsquo;est pour cela que le mentorat et la supervision sont indispensables.<\/p>\n\n\n\n<h3 class=\"wp-block-heading\" id=\"ember74\">Une pratique, pas des outils<\/h3>\n\n\n\n<p id=\"ember75\">Je suis persuad\u00e9 que ce travail n\u00e9cessite une grande qualit\u00e9 d&rsquo;\u00e9coute et de non-jugement (comment juger la subjectivit\u00e9 de quelqu&rsquo;un alors qu&rsquo;on est soi-m\u00eame subjectif ?).<\/p>\n\n\n\n<p id=\"ember76\">Cette approche constructiviste nous rappelle que ce que nous appelons \u00ab r\u00e9alit\u00e9 \u00bb est une interpr\u00e9tation construite par et \u00e0 travers la communication. Nous construisons le monde, alors que nous pensons le percevoir.<\/p>\n\n\n\n<p id=\"ember77\">Il n&rsquo;est donc pas question d&rsquo;outils, mais de pratique des \u00e9l\u00e9ments fondateurs de la communication humaine.<\/p>\n\n\n\n<h3 class=\"wp-block-heading\" id=\"ember78\">Conclusion : contribuer \u00e0 la construction du monde<\/h3>\n\n\n\n<p id=\"ember79\">Les r\u00e9sultats de ce travail si essentiel se d\u00e9ploient bien au-del\u00e0 des contextes organisationnels dans lesquels nous intervenons. C&rsquo;est notre responsabilit\u00e9 de coachs professionnels : non pas d&rsquo;apporter des solutions toutes faites, mais d&rsquo;accompagner nos clients dans la prise de conscience de leurs propres constructions communicationnelles. Parce qu&rsquo;apprendre \u00e0 communiquer de fa\u00e7on plus authentique, c&rsquo;est aussi apprendre \u00e0 \u00eatre plus pr\u00e9sent \u00e0 soi-m\u00eame et aux autres. C&rsquo;est d\u00e9velopper cette capacit\u00e9 \u00e0 reconna\u00eetre nos propres constructions subjectives tout en accueillant celles d&rsquo;autrui sans jugement. Et c&rsquo;est pr\u00e9cis\u00e9ment dans cette pratique quotidienne, humble et exigeante, que r\u00e9side notre contribution \u00e0 un monde plus juste et plus libre.<\/p>\n\n\n\n<p>#communicationfonctionnelle #communication #coachingprofessionnel #paloalto #subjectivite #constructivisme<a href=\"https:\/\/www.linkedin.com\/in\/mario-bucciarelli\/\"><\/a><\/p>\n","protected":false},"excerpt":{"rendered":"<p>Qu&rsquo;est-ce qui est r\u00e9current dans les demandes de coaching que je re\u00e7ois dans les organisations ? La demande r\u00e9currente porte sur la capacit\u00e9 de communiquer de fa\u00e7on efficiente. Qu&rsquo;il s&rsquo;agisse de managers ou de leaders dans les interactions avec leurs \u00e9quipes, ou entre pairs, la communication est tr\u00e8s souvent identifi\u00e9e comme la difficult\u00e9 ou le&hellip; <br \/> <a class=\"read-more\" href=\"https:\/\/coachingcore.ch\/articles\/coaching\/la-communication-en-entreprise-au-dela-des-malentendus-une-question-de-relation\/\">Lire la suite<\/a><\/p>\n","protected":false},"author":2,"featured_media":420,"comment_status":"closed","ping_status":"open","sticky":true,"template":"","format":"standard","meta":{"jetpack_post_was_ever_published":false,"_jetpack_newsletter_access":"","_jetpack_dont_email_post_to_subs":false,"_jetpack_newsletter_tier_id":0,"_jetpack_memberships_contains_paywalled_content":false,"_jetpack_memberships_contains_paid_content":false,"footnotes":""},"categories":[1,16,5,17],"tags":[],"class_list":["post-418","post","type-post","status-publish","format-standard","has-post-thumbnail","hentry","category-coaching","category-communication","category-leadership","category-palo-alto"],"yoast_head":"<!-- This site is optimized with the Yoast SEO plugin v27.5 - https:\/\/yoast.com\/product\/yoast-seo-wordpress\/ -->\n<title>La communication en entreprise : au-del\u00e0 des malentendus, une question de relation - Articles et pens&eacute;es, Mario Bucciarelli, coach &agrave; Lausanne<\/title>\n<meta name=\"description\" content=\"Les articles, pens\u00e9es et publication de Mario Bucciarelli, coach professionnel certifi\u00e9 PCC-ICF, ma\u00eetre praticien certifi\u00e9 en PNL, praticien certifi\u00e9 CLEEN.\" \/>\n<meta name=\"robots\" content=\"index, follow, max-snippet:-1, max-image-preview:large, max-video-preview:-1\" \/>\n<link rel=\"canonical\" href=\"https:\/\/coachingcore.ch\/articles\/coaching\/la-communication-en-entreprise-au-dela-des-malentendus-une-question-de-relation\/\" \/>\n<meta property=\"og:locale\" content=\"fr_FR\" \/>\n<meta property=\"og:type\" content=\"article\" \/>\n<meta property=\"og:title\" content=\"La communication en entreprise : au-del\u00e0 des malentendus, une question de relation - Articles et pens&eacute;es, Mario Bucciarelli, coach &agrave; Lausanne\" \/>\n<meta property=\"og:description\" content=\"Les articles, pens\u00e9es et publication de Mario Bucciarelli, coach professionnel certifi\u00e9 PCC-ICF, ma\u00eetre praticien certifi\u00e9 en PNL, praticien certifi\u00e9 CLEEN.\" \/>\n<meta property=\"og:url\" content=\"https:\/\/coachingcore.ch\/articles\/coaching\/la-communication-en-entreprise-au-dela-des-malentendus-une-question-de-relation\/\" \/>\n<meta property=\"og:site_name\" content=\"Articles et pens&eacute;es, Mario Bucciarelli, coach &agrave; Lausanne\" \/>\n<meta property=\"article:publisher\" content=\"https:\/\/www.facebook.com\/coachingcore\/\" \/>\n<meta property=\"article:published_time\" content=\"2026-04-29T12:52:48+00:00\" \/>\n<meta property=\"article:modified_time\" content=\"2026-04-29T13:03:40+00:00\" \/>\n<meta property=\"og:image\" content=\"https:\/\/coachingcore.ch\/articles\/wp-content\/uploads\/2026\/04\/pexels-photo-36733312.jpeg\" \/>\n\t<meta property=\"og:image:width\" content=\"1880\" \/>\n\t<meta property=\"og:image:height\" content=\"1058\" \/>\n\t<meta property=\"og:image:type\" content=\"image\/jpeg\" \/>\n<meta name=\"author\" content=\"Mario Bucciarelli\" \/>\n<meta name=\"twitter:card\" content=\"summary_large_image\" \/>\n<meta name=\"twitter:creator\" content=\"@mariobuccia\" \/>\n<meta name=\"twitter:site\" content=\"@mariobuccia\" \/>\n<meta name=\"twitter:label1\" content=\"\u00c9crit par\" \/>\n\t<meta name=\"twitter:data1\" content=\"Mario Bucciarelli\" \/>\n\t<meta name=\"twitter:label2\" content=\"Dur\u00e9e de lecture estim\u00e9e\" \/>\n\t<meta name=\"twitter:data2\" content=\"4 minutes\" \/>\n<script type=\"application\/ld+json\" class=\"yoast-schema-graph\">{\"@context\":\"https:\\\/\\\/schema.org\",\"@graph\":[{\"@type\":\"Article\",\"@id\":\"https:\\\/\\\/coachingcore.ch\\\/articles\\\/coaching\\\/la-communication-en-entreprise-au-dela-des-malentendus-une-question-de-relation\\\/#article\",\"isPartOf\":{\"@id\":\"https:\\\/\\\/coachingcore.ch\\\/articles\\\/coaching\\\/la-communication-en-entreprise-au-dela-des-malentendus-une-question-de-relation\\\/\"},\"author\":{\"name\":\"Mario Bucciarelli\",\"@id\":\"https:\\\/\\\/coachingcore.ch\\\/articles\\\/#\\\/schema\\\/person\\\/aa896df7256c277696bc08a7315227ad\"},\"headline\":\"La communication en entreprise : au-del\u00e0 des malentendus, une question de relation\",\"datePublished\":\"2026-04-29T12:52:48+00:00\",\"dateModified\":\"2026-04-29T13:03:40+00:00\",\"mainEntityOfPage\":{\"@id\":\"https:\\\/\\\/coachingcore.ch\\\/articles\\\/coaching\\\/la-communication-en-entreprise-au-dela-des-malentendus-une-question-de-relation\\\/\"},\"wordCount\":794,\"image\":{\"@id\":\"https:\\\/\\\/coachingcore.ch\\\/articles\\\/coaching\\\/la-communication-en-entreprise-au-dela-des-malentendus-une-question-de-relation\\\/#primaryimage\"},\"thumbnailUrl\":\"https:\\\/\\\/coachingcore.ch\\\/articles\\\/wp-content\\\/uploads\\\/2026\\\/04\\\/pexels-photo-36733312.jpeg\",\"articleSection\":[\"Coaching\",\"Communication\",\"Leadership\",\"Palo Alto\"],\"inLanguage\":\"fr-FR\"},{\"@type\":\"WebPage\",\"@id\":\"https:\\\/\\\/coachingcore.ch\\\/articles\\\/coaching\\\/la-communication-en-entreprise-au-dela-des-malentendus-une-question-de-relation\\\/\",\"url\":\"https:\\\/\\\/coachingcore.ch\\\/articles\\\/coaching\\\/la-communication-en-entreprise-au-dela-des-malentendus-une-question-de-relation\\\/\",\"name\":\"La communication en entreprise : au-del\u00e0 des malentendus, une question de relation - Articles et pens&eacute;es, Mario Bucciarelli, coach &agrave; Lausanne\",\"isPartOf\":{\"@id\":\"https:\\\/\\\/coachingcore.ch\\\/articles\\\/#website\"},\"primaryImageOfPage\":{\"@id\":\"https:\\\/\\\/coachingcore.ch\\\/articles\\\/coaching\\\/la-communication-en-entreprise-au-dela-des-malentendus-une-question-de-relation\\\/#primaryimage\"},\"image\":{\"@id\":\"https:\\\/\\\/coachingcore.ch\\\/articles\\\/coaching\\\/la-communication-en-entreprise-au-dela-des-malentendus-une-question-de-relation\\\/#primaryimage\"},\"thumbnailUrl\":\"https:\\\/\\\/coachingcore.ch\\\/articles\\\/wp-content\\\/uploads\\\/2026\\\/04\\\/pexels-photo-36733312.jpeg\",\"datePublished\":\"2026-04-29T12:52:48+00:00\",\"dateModified\":\"2026-04-29T13:03:40+00:00\",\"author\":{\"@id\":\"https:\\\/\\\/coachingcore.ch\\\/articles\\\/#\\\/schema\\\/person\\\/aa896df7256c277696bc08a7315227ad\"},\"description\":\"Les articles, pens\u00e9es et publication de Mario Bucciarelli, coach professionnel certifi\u00e9 PCC-ICF, ma\u00eetre praticien certifi\u00e9 en PNL, praticien certifi\u00e9 CLEEN.\",\"breadcrumb\":{\"@id\":\"https:\\\/\\\/coachingcore.ch\\\/articles\\\/coaching\\\/la-communication-en-entreprise-au-dela-des-malentendus-une-question-de-relation\\\/#breadcrumb\"},\"inLanguage\":\"fr-FR\",\"potentialAction\":[{\"@type\":\"ReadAction\",\"target\":[\"https:\\\/\\\/coachingcore.ch\\\/articles\\\/coaching\\\/la-communication-en-entreprise-au-dela-des-malentendus-une-question-de-relation\\\/\"]}]},{\"@type\":\"ImageObject\",\"inLanguage\":\"fr-FR\",\"@id\":\"https:\\\/\\\/coachingcore.ch\\\/articles\\\/coaching\\\/la-communication-en-entreprise-au-dela-des-malentendus-une-question-de-relation\\\/#primaryimage\",\"url\":\"https:\\\/\\\/coachingcore.ch\\\/articles\\\/wp-content\\\/uploads\\\/2026\\\/04\\\/pexels-photo-36733312.jpeg\",\"contentUrl\":\"https:\\\/\\\/coachingcore.ch\\\/articles\\\/wp-content\\\/uploads\\\/2026\\\/04\\\/pexels-photo-36733312.jpeg\",\"width\":1880,\"height\":1058,\"caption\":\"Photo by Vitaly Gariev on Pexels.com\"},{\"@type\":\"BreadcrumbList\",\"@id\":\"https:\\\/\\\/coachingcore.ch\\\/articles\\\/coaching\\\/la-communication-en-entreprise-au-dela-des-malentendus-une-question-de-relation\\\/#breadcrumb\",\"itemListElement\":[{\"@type\":\"ListItem\",\"position\":1,\"name\":\"Accueil\",\"item\":\"https:\\\/\\\/coachingcore.ch\\\/articles\\\/\"},{\"@type\":\"ListItem\",\"position\":2,\"name\":\"La communication en entreprise : au-del\u00e0 des malentendus, une question de relation\"}]},{\"@type\":\"WebSite\",\"@id\":\"https:\\\/\\\/coachingcore.ch\\\/articles\\\/#website\",\"url\":\"https:\\\/\\\/coachingcore.ch\\\/articles\\\/\",\"name\":\"Articles et pens&eacute;es, Mario Bucciarelli, coach &agrave; Lausanne\",\"description\":\"Partager ses connaissances, ses id&eacute;es, ses exp&eacute;riences\",\"potentialAction\":[{\"@type\":\"SearchAction\",\"target\":{\"@type\":\"EntryPoint\",\"urlTemplate\":\"https:\\\/\\\/coachingcore.ch\\\/articles\\\/?s={search_term_string}\"},\"query-input\":{\"@type\":\"PropertyValueSpecification\",\"valueRequired\":true,\"valueName\":\"search_term_string\"}}],\"inLanguage\":\"fr-FR\"},{\"@type\":\"Person\",\"@id\":\"https:\\\/\\\/coachingcore.ch\\\/articles\\\/#\\\/schema\\\/person\\\/aa896df7256c277696bc08a7315227ad\",\"name\":\"Mario Bucciarelli\",\"image\":{\"@type\":\"ImageObject\",\"inLanguage\":\"fr-FR\",\"@id\":\"https:\\\/\\\/secure.gravatar.com\\\/avatar\\\/d2a29e1975e8855780e184d6510dbcbf44d4af166726c89dcecd90c1cf69fc30?s=96&d=mm&r=g\",\"url\":\"https:\\\/\\\/secure.gravatar.com\\\/avatar\\\/d2a29e1975e8855780e184d6510dbcbf44d4af166726c89dcecd90c1cf69fc30?s=96&d=mm&r=g\",\"contentUrl\":\"https:\\\/\\\/secure.gravatar.com\\\/avatar\\\/d2a29e1975e8855780e184d6510dbcbf44d4af166726c89dcecd90c1cf69fc30?s=96&d=mm&r=g\",\"caption\":\"Mario Bucciarelli\"}}]}<\/script>\n<!-- \/ Yoast SEO plugin. -->","yoast_head_json":{"title":"La communication en entreprise : au-del\u00e0 des malentendus, une question de relation - Articles et pens&eacute;es, Mario Bucciarelli, coach &agrave; Lausanne","description":"Les articles, pens\u00e9es et publication de Mario Bucciarelli, coach professionnel certifi\u00e9 PCC-ICF, ma\u00eetre praticien certifi\u00e9 en PNL, praticien certifi\u00e9 CLEEN.","robots":{"index":"index","follow":"follow","max-snippet":"max-snippet:-1","max-image-preview":"max-image-preview:large","max-video-preview":"max-video-preview:-1"},"canonical":"https:\/\/coachingcore.ch\/articles\/coaching\/la-communication-en-entreprise-au-dela-des-malentendus-une-question-de-relation\/","og_locale":"fr_FR","og_type":"article","og_title":"La communication en entreprise : au-del\u00e0 des malentendus, une question de relation - Articles et pens&eacute;es, Mario Bucciarelli, coach &agrave; Lausanne","og_description":"Les articles, pens\u00e9es et publication de Mario Bucciarelli, coach professionnel certifi\u00e9 PCC-ICF, ma\u00eetre praticien certifi\u00e9 en PNL, praticien certifi\u00e9 CLEEN.","og_url":"https:\/\/coachingcore.ch\/articles\/coaching\/la-communication-en-entreprise-au-dela-des-malentendus-une-question-de-relation\/","og_site_name":"Articles et pens&eacute;es, Mario Bucciarelli, coach &agrave; Lausanne","article_publisher":"https:\/\/www.facebook.com\/coachingcore\/","article_published_time":"2026-04-29T12:52:48+00:00","article_modified_time":"2026-04-29T13:03:40+00:00","og_image":[{"width":1880,"height":1058,"url":"https:\/\/coachingcore.ch\/articles\/wp-content\/uploads\/2026\/04\/pexels-photo-36733312.jpeg","type":"image\/jpeg"}],"author":"Mario Bucciarelli","twitter_card":"summary_large_image","twitter_creator":"@mariobuccia","twitter_site":"@mariobuccia","twitter_misc":{"\u00c9crit par":"Mario Bucciarelli","Dur\u00e9e de lecture estim\u00e9e":"4 minutes"},"schema":{"@context":"https:\/\/schema.org","@graph":[{"@type":"Article","@id":"https:\/\/coachingcore.ch\/articles\/coaching\/la-communication-en-entreprise-au-dela-des-malentendus-une-question-de-relation\/#article","isPartOf":{"@id":"https:\/\/coachingcore.ch\/articles\/coaching\/la-communication-en-entreprise-au-dela-des-malentendus-une-question-de-relation\/"},"author":{"name":"Mario Bucciarelli","@id":"https:\/\/coachingcore.ch\/articles\/#\/schema\/person\/aa896df7256c277696bc08a7315227ad"},"headline":"La communication en entreprise : au-del\u00e0 des malentendus, une question de relation","datePublished":"2026-04-29T12:52:48+00:00","dateModified":"2026-04-29T13:03:40+00:00","mainEntityOfPage":{"@id":"https:\/\/coachingcore.ch\/articles\/coaching\/la-communication-en-entreprise-au-dela-des-malentendus-une-question-de-relation\/"},"wordCount":794,"image":{"@id":"https:\/\/coachingcore.ch\/articles\/coaching\/la-communication-en-entreprise-au-dela-des-malentendus-une-question-de-relation\/#primaryimage"},"thumbnailUrl":"https:\/\/coachingcore.ch\/articles\/wp-content\/uploads\/2026\/04\/pexels-photo-36733312.jpeg","articleSection":["Coaching","Communication","Leadership","Palo Alto"],"inLanguage":"fr-FR"},{"@type":"WebPage","@id":"https:\/\/coachingcore.ch\/articles\/coaching\/la-communication-en-entreprise-au-dela-des-malentendus-une-question-de-relation\/","url":"https:\/\/coachingcore.ch\/articles\/coaching\/la-communication-en-entreprise-au-dela-des-malentendus-une-question-de-relation\/","name":"La communication en entreprise : au-del\u00e0 des malentendus, une question de relation - Articles et pens&eacute;es, Mario Bucciarelli, coach &agrave; Lausanne","isPartOf":{"@id":"https:\/\/coachingcore.ch\/articles\/#website"},"primaryImageOfPage":{"@id":"https:\/\/coachingcore.ch\/articles\/coaching\/la-communication-en-entreprise-au-dela-des-malentendus-une-question-de-relation\/#primaryimage"},"image":{"@id":"https:\/\/coachingcore.ch\/articles\/coaching\/la-communication-en-entreprise-au-dela-des-malentendus-une-question-de-relation\/#primaryimage"},"thumbnailUrl":"https:\/\/coachingcore.ch\/articles\/wp-content\/uploads\/2026\/04\/pexels-photo-36733312.jpeg","datePublished":"2026-04-29T12:52:48+00:00","dateModified":"2026-04-29T13:03:40+00:00","author":{"@id":"https:\/\/coachingcore.ch\/articles\/#\/schema\/person\/aa896df7256c277696bc08a7315227ad"},"description":"Les articles, pens\u00e9es et publication de Mario Bucciarelli, coach professionnel certifi\u00e9 PCC-ICF, ma\u00eetre praticien certifi\u00e9 en PNL, praticien certifi\u00e9 CLEEN.","breadcrumb":{"@id":"https:\/\/coachingcore.ch\/articles\/coaching\/la-communication-en-entreprise-au-dela-des-malentendus-une-question-de-relation\/#breadcrumb"},"inLanguage":"fr-FR","potentialAction":[{"@type":"ReadAction","target":["https:\/\/coachingcore.ch\/articles\/coaching\/la-communication-en-entreprise-au-dela-des-malentendus-une-question-de-relation\/"]}]},{"@type":"ImageObject","inLanguage":"fr-FR","@id":"https:\/\/coachingcore.ch\/articles\/coaching\/la-communication-en-entreprise-au-dela-des-malentendus-une-question-de-relation\/#primaryimage","url":"https:\/\/coachingcore.ch\/articles\/wp-content\/uploads\/2026\/04\/pexels-photo-36733312.jpeg","contentUrl":"https:\/\/coachingcore.ch\/articles\/wp-content\/uploads\/2026\/04\/pexels-photo-36733312.jpeg","width":1880,"height":1058,"caption":"Photo by Vitaly Gariev on Pexels.com"},{"@type":"BreadcrumbList","@id":"https:\/\/coachingcore.ch\/articles\/coaching\/la-communication-en-entreprise-au-dela-des-malentendus-une-question-de-relation\/#breadcrumb","itemListElement":[{"@type":"ListItem","position":1,"name":"Accueil","item":"https:\/\/coachingcore.ch\/articles\/"},{"@type":"ListItem","position":2,"name":"La communication en entreprise : au-del\u00e0 des malentendus, une question de relation"}]},{"@type":"WebSite","@id":"https:\/\/coachingcore.ch\/articles\/#website","url":"https:\/\/coachingcore.ch\/articles\/","name":"Articles et pens&eacute;es, Mario Bucciarelli, coach &agrave; Lausanne","description":"Partager ses connaissances, ses id&eacute;es, ses exp&eacute;riences","potentialAction":[{"@type":"SearchAction","target":{"@type":"EntryPoint","urlTemplate":"https:\/\/coachingcore.ch\/articles\/?s={search_term_string}"},"query-input":{"@type":"PropertyValueSpecification","valueRequired":true,"valueName":"search_term_string"}}],"inLanguage":"fr-FR"},{"@type":"Person","@id":"https:\/\/coachingcore.ch\/articles\/#\/schema\/person\/aa896df7256c277696bc08a7315227ad","name":"Mario Bucciarelli","image":{"@type":"ImageObject","inLanguage":"fr-FR","@id":"https:\/\/secure.gravatar.com\/avatar\/d2a29e1975e8855780e184d6510dbcbf44d4af166726c89dcecd90c1cf69fc30?s=96&d=mm&r=g","url":"https:\/\/secure.gravatar.com\/avatar\/d2a29e1975e8855780e184d6510dbcbf44d4af166726c89dcecd90c1cf69fc30?s=96&d=mm&r=g","contentUrl":"https:\/\/secure.gravatar.com\/avatar\/d2a29e1975e8855780e184d6510dbcbf44d4af166726c89dcecd90c1cf69fc30?s=96&d=mm&r=g","caption":"Mario Bucciarelli"}}]}},"jetpack_featured_media_url":"https:\/\/coachingcore.ch\/articles\/wp-content\/uploads\/2026\/04\/pexels-photo-36733312.jpeg","jetpack_sharing_enabled":true,"jetpack_shortlink":"https:\/\/wp.me\/paxUMp-6K","_links":{"self":[{"href":"https:\/\/coachingcore.ch\/articles\/wp-json\/wp\/v2\/posts\/418","targetHints":{"allow":["GET"]}}],"collection":[{"href":"https:\/\/coachingcore.ch\/articles\/wp-json\/wp\/v2\/posts"}],"about":[{"href":"https:\/\/coachingcore.ch\/articles\/wp-json\/wp\/v2\/types\/post"}],"author":[{"embeddable":true,"href":"https:\/\/coachingcore.ch\/articles\/wp-json\/wp\/v2\/users\/2"}],"replies":[{"embeddable":true,"href":"https:\/\/coachingcore.ch\/articles\/wp-json\/wp\/v2\/comments?post=418"}],"version-history":[{"count":1,"href":"https:\/\/coachingcore.ch\/articles\/wp-json\/wp\/v2\/posts\/418\/revisions"}],"predecessor-version":[{"id":421,"href":"https:\/\/coachingcore.ch\/articles\/wp-json\/wp\/v2\/posts\/418\/revisions\/421"}],"wp:featuredmedia":[{"embeddable":true,"href":"https:\/\/coachingcore.ch\/articles\/wp-json\/wp\/v2\/media\/420"}],"wp:attachment":[{"href":"https:\/\/coachingcore.ch\/articles\/wp-json\/wp\/v2\/media?parent=418"}],"wp:term":[{"taxonomy":"category","embeddable":true,"href":"https:\/\/coachingcore.ch\/articles\/wp-json\/wp\/v2\/categories?post=418"},{"taxonomy":"post_tag","embeddable":true,"href":"https:\/\/coachingcore.ch\/articles\/wp-json\/wp\/v2\/tags?post=418"}],"curies":[{"name":"wp","href":"https:\/\/api.w.org\/{rel}","templated":true}]}}